{"id":9865,"date":"2020-02-21T15:46:55","date_gmt":"2020-02-21T13:46:55","guid":{"rendered":"https:\/\/miody-huzar.pl\/?p=9865"},"modified":"2026-02-16T15:34:18","modified_gmt":"2026-02-16T13:34:18","slug":"wielka-gala-sylwetki-i-marki-30-lecia-wolnosci-rp","status":"publish","type":"post","link":"https:\/\/miody-huzar.pl\/en\/wielka-gala-sylwetki-i-marki-30-lecia-wolnosci-rp\/","title":{"rendered":"WIELKA GALA \u201eSYLWETKI I MARKI 30-LECIA WOLNO\u015aCI RP\u201d"},"content":{"rendered":"<p><img loading=\"lazy\" decoding=\"async\" class=\"aligncenter wp-image-9889 size-image-md\" src=\"https:\/\/miody-huzar.pl\/wp-content\/uploads\/Diament-30-lecia-1-930x523.jpg\" alt=\"\" width=\"930\" height=\"523\" srcset=\"https:\/\/miody-huzar.pl\/wp-content\/uploads\/Diament-30-lecia-1-930x523.jpg 930w, https:\/\/miody-huzar.pl\/wp-content\/uploads\/Diament-30-lecia-1-300x169.jpg 300w, https:\/\/miody-huzar.pl\/wp-content\/uploads\/Diament-30-lecia-1-1024x576.jpg 1024w, https:\/\/miody-huzar.pl\/wp-content\/uploads\/Diament-30-lecia-1-768x432.jpg 768w, https:\/\/miody-huzar.pl\/wp-content\/uploads\/Diament-30-lecia-1-942x530.jpg 942w, https:\/\/miody-huzar.pl\/wp-content\/uploads\/Diament-30-lecia-1-823x463.jpg 823w, https:\/\/miody-huzar.pl\/wp-content\/uploads\/Diament-30-lecia-1-688x387.jpg 688w, https:\/\/miody-huzar.pl\/wp-content\/uploads\/Diament-30-lecia-1-508x286.jpg 508w, https:\/\/miody-huzar.pl\/wp-content\/uploads\/Diament-30-lecia-1-1110x624.jpg 1110w, https:\/\/miody-huzar.pl\/wp-content\/uploads\/Diament-30-lecia-1-690x388.jpg 690w, https:\/\/miody-huzar.pl\/wp-content\/uploads\/Diament-30-lecia-1-510x287.jpg 510w, https:\/\/miody-huzar.pl\/wp-content\/uploads\/Diament-30-lecia-1-267x150.jpg 267w, https:\/\/miody-huzar.pl\/wp-content\/uploads\/Diament-30-lecia-1.jpg 1200w\" sizes=\"auto, (max-width: 930px) 100vw, 930px\" \/><\/p>\n<p>24 stycznia2020 r. w Sangate Hotel Airport w Warszawie odby\u0142a si\u0119 WIELKA GALA \u201eSYLWETKI I MARKI 30-lecia WOLNO\u015aCI RP\u201d, podczas kt\u00f3rej nagrodzone zosta\u0142y podmioty, kt\u00f3re \u015bwiadcz\u0105 o sile polskiej gospodarki: liderzy i marki, firmy i instytucje innowacyjne i rzetelne oraz ci, kt\u00f3rzy na przestrzeni ostatnich 30 lat przyczynili si\u0119 rozwoju spo\u0142eczno-gospodarczego naszego kraju, a miedzy nimi i nasza Firma.<\/p>\n<p>Organizatorem ww. inicjatyw jest Og\u00f3lnopolska Federacja Przedsi\u0119biorc\u00f3w i Pracodawc\u00f3w \u2013 Przedsi\u0119biorcy.pl, Mazowieckie Zrzeszenie Handlu Przemys\u0142u i Us\u0142ug oraz Narodowy Instytut Rozwoju Przedsi\u0119biorczo\u015bci.<img loading=\"lazy\" decoding=\"async\" class=\"aligncenter wp-image-9866 size-image-sm\" src=\"https:\/\/miody-huzar.pl\/wp-content\/uploads\/organizatorzy-690x235.jpg\" alt=\"\" width=\"690\" height=\"235\" srcset=\"https:\/\/miody-huzar.pl\/wp-content\/uploads\/organizatorzy-690x235.jpg 690w, https:\/\/miody-huzar.pl\/wp-content\/uploads\/organizatorzy-300x102.jpg 300w, https:\/\/miody-huzar.pl\/wp-content\/uploads\/organizatorzy-1024x349.jpg 1024w, https:\/\/miody-huzar.pl\/wp-content\/uploads\/organizatorzy-768x262.jpg 768w, https:\/\/miody-huzar.pl\/wp-content\/uploads\/organizatorzy-1110x378.jpg 1110w, https:\/\/miody-huzar.pl\/wp-content\/uploads\/organizatorzy-930x317.jpg 930w, https:\/\/miody-huzar.pl\/wp-content\/uploads\/organizatorzy-510x174.jpg 510w, https:\/\/miody-huzar.pl\/wp-content\/uploads\/organizatorzy-440x150.jpg 440w, https:\/\/miody-huzar.pl\/wp-content\/uploads\/organizatorzy.jpg 1156w\" sizes=\"auto, (max-width: 690px) 100vw, 690px\" \/><\/p>\n<p>Patronat honorowy nad tym wydarzeniem obj\u0119li Wojewodowie i Marsza\u0142kowie poszczeg\u00f3lnych wojew\u00f3dztw, a wsparcia udzieli\u0142y izby gospodarcze oraz organizacje regionalne i bran\u017cowe.<\/p>\n<p><img loading=\"lazy\" decoding=\"async\" class=\"aligncenter wp-image-9871 size-image-sm\" src=\"https:\/\/miody-huzar.pl\/wp-content\/uploads\/patronat-690x471.jpg\" alt=\"\" width=\"690\" height=\"471\" srcset=\"https:\/\/miody-huzar.pl\/wp-content\/uploads\/patronat-690x471.jpg 690w, https:\/\/miody-huzar.pl\/wp-content\/uploads\/patronat-300x205.jpg 300w, https:\/\/miody-huzar.pl\/wp-content\/uploads\/patronat-1024x699.jpg 1024w, https:\/\/miody-huzar.pl\/wp-content\/uploads\/patronat-768x525.jpg 768w, https:\/\/miody-huzar.pl\/wp-content\/uploads\/patronat-1110x758.jpg 1110w, https:\/\/miody-huzar.pl\/wp-content\/uploads\/patronat-930x635.jpg 930w, https:\/\/miody-huzar.pl\/wp-content\/uploads\/patronat-510x348.jpg 510w, https:\/\/miody-huzar.pl\/wp-content\/uploads\/patronat-220x150.jpg 220w, https:\/\/miody-huzar.pl\/wp-content\/uploads\/patronat.jpg 1224w\" sizes=\"auto, (max-width: 690px) 100vw, 690px\" \/><\/p>\n<p>Wielk\u0105 Gal\u0119, w kt\u00f3rej uczestniczy\u0142o ok. 700 os\u00f3b, otworzy\u0142 Gospodarz Wieczoru Pan Robert Sk\u0142adowski \u2013 Prezes Federacji Przedsi\u0119biorcy.pl, kt\u00f3ry powita\u0142 zebranych go\u015bci. W swoim wyst\u0105pieniu odwo\u0142a\u0142 si\u0119 do wydarze\u0144 zwi\u0105zanych z rokiem 1989, kt\u00f3re mia\u0142y wp\u0142yw na zmiany spo\u0142eczno-gospodarcze w naszym kraju i dzi\u0119ki kt\u00f3rym mo\u017cliwy by\u0142 rozw\u00f3j polskiej przedsi\u0119biorczo\u015bci. Serdecznie pogratulowa\u0142 nagrodzonym dzi\u0119kuj\u0105c im za ich zaanga\u017cowanie i ci\u0119\u017ck\u0105 prac\u0119. S\u0142owa uznania przekaza\u0142 zgromadzonym tak\u017ce Wiceprezydent Pracodawc\u00f3w RP Pan Janusz Pietkiewicz. Po jego wyst\u0105pieniu g\u0142os zabra\u0142 Pan Janusz Piechoci\u0144ski \u2013 <strong>Wicepremier, Minister Gospodarki w latach 2012 &#8211; 2015<\/strong>, a obecnie Prezes Izby Przemys\u0142owo-Handlowej Polska-Azja. Gal\u0119 w znakomity spos\u00f3b poprowadzili Dorota Gardias i Krzysztof Ibisz.<\/p>\n<p>Uroczysto\u015b\u0107 wr\u0119czenia nagr\u00f3d rozpocz\u0119\u0142a si\u0119 od uhonorowania Laureat\u00f3w tytu\u0142em \u201eDiament Polskiej Jako\u015bci 2019\u201d,\u201dDiament Polskiej Innowacyjno\u015bci 2019\u201d, \u201eDiament Polskiego Eksportu 2019\u201d oraz \u201eLider Polskiej Gospodarki 2019\u201d. Zaszczytne statuetki wr\u0119czyli: Les\u0142aw Wiatrowski \u2013 Wiceprezes Federacji Przedsi\u0119biorcy.pl i jednocze\u015bnie Przewodnicz\u0105cy Rady Programowej oraz Pan Tomasz Wa\u017abi\u0144ski \u2013 Prezes Mazowieckiego Zrzeszenia Handlu, Przemys\u0142u i Us\u0142ug. Mened\u017cer\u00f3w i zarz\u0105dzane przez nich firmy nagrodzono za nowoczesne produkty, us\u0142ugi, technologie i zarz\u0105dzanie w oparciu o najwy\u017csze standardy organizacji pracy oraz przy pe\u0142nym poszanowaniu norm etyki biznesowej. Nie by\u0142oby rozwoju gospodarczego, gdyby nie aktywno\u015b\u0107 przedsi\u0119biorc\u00f3w i samorz\u0105dc\u00f3w na przestrzeni ostatnich 30-stu lat. Dlatego te\u017c, kolejnym punktem uroczysto\u015bci by\u0142o wr\u0119czenie zaszczytnych nagr\u00f3d \u201eLider 30-lecia Wolno\u015bci RP\u201d.<\/p>\n<p>Emocjom nie by\u0142o ko\u0144ca. Po kr\u00f3tkiej przerwie z r\u0105k Wiceprezydenta Pracodawc\u00f3w RP Pana Janusza Pietkiewicza oraz Wiceprezesa Federacji Przedsi\u0119biorcy.pl Pana Piotra Podg\u00f3rskiego zaszczytne statuetki \u201eDiament 30-lecia Polskiej Transformacji\u201d otrzyma\u0142y firmy, kt\u00f3re na przestrzeni ostatnich 30 lat odnios\u0142y sukces i sta\u0142y si\u0119 wizyt\u00f3wk\u0105 polskiej gospodarki.<\/p>\n<p>Bez w\u0105tpienia kreatorami polskiej rzeczywisto\u015bci by\u0142y r\u00f3wnie\u017c samorz\u0105dy, dlatego te\u017c Prezes Izby Przemys\u0142owo-Handlowej Polska-Azja Pan Janusz Piechoci\u0144ski oraz Pan Tomasz Wa\u017abi\u0144ski \u2013 Prezes Mazowieckiego Zrzeszenia Handlu, Przemys\u0142u i Us\u0142ug wr\u0119czyli statuetki \u201eSamorz\u0105d 30-lecia Polskiej Transformacji\u201d dla tych gmin i powiat\u00f3w, kt\u00f3re w ocenie Rady Programowej zas\u0142u\u017cy\u0142y na najwy\u017csze laury.<\/p>\n<p>Cz\u0119\u015b\u0107 oficjalna zbli\u017ca\u0142a si\u0119 powoli ku ko\u0144cowi, jednak\u017ce zanim to nast\u0105pi\u0142o na scen\u0119 poproszono Prezesa Federacji Przedsi\u0119biorcy.pl Pana Roberta Sk\u0142adowskiego oraz Wiceprezesa Federacji Przedsi\u0119biorcy.pl Pana Piotra Podg\u00f3rskiego, kt\u00f3rzy wr\u0119czyli zaszczytne tytu\u0142y: \u201eSamorz\u0105dowiec 30-lecia Polskiej Transformacji\u201d oraz \u201eDiament 30-lecia Polskiej Gospodarki\u201d przyznane na wniosek Zarz\u0105du Federacji Przedsi\u0119biorcy.pl. Do tego grona do\u0142\u0105czy\u0142y firmy i osoby, kt\u00f3re otrzyma\u0142y statuetki \u201eRzetelni dla Biznesu\u201d przyznane na wniosek Urz\u0119d\u00f3w Wojew\u00f3dzkich i Marsza\u0142kowskich.<\/p>\n<p>W tym roku po raz pierwszy przyznana zosta\u0142a r\u00f3wnie\u017c nagroda \u201eRzetelni w przekazie\u201d, kt\u00f3r\u0105 otrzymali: Rzeczpospolita, RMF FM oraz Polsat.<\/p>\n<p>Na koniec cz\u0119\u015bci oficjalnej s\u0142owa uznania dla nagrodzonych skierowa\u0142 Prezes Polskiego Stronnictwa Ludowego Pan W\u0142adys\u0142aw Kosiniak-Kamysz.<\/p>\n<p>Po cz\u0119\u015bci oficjalnej nadszed\u0142 czas na zabaw\u0119, a go\u015bcie bawili si\u0119 przy muzyce gwiazd: Ryszarda Rynkowskiego, Mateusza Mijala, zespo\u0142u Tercet czyli Kwartet oraz Micha\u0142a Wi\u015bniewskiego.<\/p>\n<p><strong>Informacja na temat Laureat\u00f3w dost\u0119pna na stronach poszczeg\u00f3lnych projekt\u00f3w:<\/strong><\/p>\n<ul>\n<li><a href=\"http:\/\/www.polskagospodarka.org.pl\">www.polskagospodarka.org.pl<\/a><\/li>\n<li><a href=\"http:\/\/www.samorzady.org.pl\">www.samorzady.org.pl<\/a><\/li>\n<\/ul>\n<p><img loading=\"lazy\" decoding=\"async\" class=\"aligncenter wp-image-9876 size-image-sm\" src=\"https:\/\/miody-huzar.pl\/wp-content\/uploads\/media-690x448.jpg\" alt=\"\" width=\"690\" height=\"448\" srcset=\"https:\/\/miody-huzar.pl\/wp-content\/uploads\/media-690x448.jpg 690w, https:\/\/miody-huzar.pl\/wp-content\/uploads\/media-300x195.jpg 300w, https:\/\/miody-huzar.pl\/wp-content\/uploads\/media-1024x665.jpg 1024w, https:\/\/miody-huzar.pl\/wp-content\/uploads\/media-768x499.jpg 768w, https:\/\/miody-huzar.pl\/wp-content\/uploads\/media-1110x720.jpg 1110w, https:\/\/miody-huzar.pl\/wp-content\/uploads\/media-930x604.jpg 930w, https:\/\/miody-huzar.pl\/wp-content\/uploads\/media-510x331.jpg 510w, https:\/\/miody-huzar.pl\/wp-content\/uploads\/media-231x150.jpg 231w, https:\/\/miody-huzar.pl\/wp-content\/uploads\/media.jpg 1385w\" sizes=\"auto, (max-width: 690px) 100vw, 690px\" \/><\/p>\n","protected":false},"excerpt":{"rendered":"<p>24 stycznia2020 r. w Sangate Hotel Airport w Warszawie odby\u0142a si\u0119 WIELKA GALA \u201eSYLWETKI I MARKI 30-lecia WOLNO\u015aCI RP\u201d, podczas kt\u00f3rej nagrodzone zosta\u0142y podmioty, kt\u00f3re \u015bwiadcz\u0105 o sile polskiej gospodarki: liderzy i marki, firmy i instytucje innowacyjne i rzetelne oraz ci, kt\u00f3rzy na przestrzeni ostatnich 30 lat przyczynili si\u0119 rozwoju spo\u0142eczno-gospodarczego naszego kraju, a miedzy [&hellip;]<\/p>\n","protected":false},"author":2,"featured_media":9889,"comment_status":"open","ping_status":"closed","sticky":false,"template":"","format":"standard","meta":{"_acf_changed":false,"footnotes":""},"categories":[88],"tags":[],"class_list":["post-9865","post","type-post","status-publish","format-standard","has-post-thumbnail","hentry","category-producent"],"acf":[],"yoast_head":"<!-- This site is optimized with the Yoast SEO plugin v27.4 - https:\/\/yoast.com\/product\/yoast-seo-wordpress\/ -->\n<title>WIELKA GALA \u201eSYLWETKI I MARKI 30-LECIA WOLNO\u015aCI RP\u201d - Huzar Sp. z o.o.<\/title>\n<meta name=\"robots\" content=\"index, follow, max-snippet:-1, max-image-preview:large, max-video-preview:-1\" \/>\n<link rel=\"canonical\" href=\"https:\/\/miody-huzar.pl\/en\/wielka-gala-sylwetki-i-marki-30-lecia-wolnosci-rp\/\" \/>\n<meta property=\"og:locale\" content=\"en_US\" \/>\n<meta property=\"og:type\" content=\"article\" \/>\n<meta property=\"og:title\" content=\"WIELKA GALA \u201eSYLWETKI I MARKI 30-LECIA WOLNO\u015aCI RP\u201d - Huzar Sp. z o.o.\" \/>\n<meta property=\"og:description\" content=\"24 stycznia2020 r. w Sangate Hotel Airport w Warszawie odby\u0142a si\u0119 WIELKA GALA \u201eSYLWETKI I MARKI 30-lecia WOLNO\u015aCI RP\u201d, podczas kt\u00f3rej nagrodzone zosta\u0142y podmioty, kt\u00f3re \u015bwiadcz\u0105 o sile polskiej gospodarki: liderzy i marki, firmy i instytucje innowacyjne i rzetelne oraz ci, kt\u00f3rzy na przestrzeni ostatnich 30 lat przyczynili si\u0119 rozwoju spo\u0142eczno-gospodarczego naszego kraju, a miedzy [&hellip;]\" \/>\n<meta property=\"og:url\" content=\"https:\/\/miody-huzar.pl\/en\/wielka-gala-sylwetki-i-marki-30-lecia-wolnosci-rp\/\" \/>\n<meta property=\"og:site_name\" content=\"Huzar Sp. z o.o.\" \/>\n<meta property=\"article:publisher\" content=\"https:\/\/www.facebook.com\/miodyhuzar\/\" \/>\n<meta property=\"article:published_time\" content=\"2020-02-21T13:46:55+00:00\" \/>\n<meta property=\"article:modified_time\" content=\"2026-02-16T13:34:18+00:00\" \/>\n<meta property=\"og:image\" content=\"https:\/\/miody-huzar.pl\/wp-content\/uploads\/Diament-30-lecia-1.jpg\" \/>\n\t<meta property=\"og:image:width\" content=\"1200\" \/>\n\t<meta property=\"og:image:height\" content=\"675\" \/>\n\t<meta property=\"og:image:type\" content=\"image\/jpeg\" \/>\n<meta name=\"author\" content=\"HUZAR\" \/>\n<meta name=\"twitter:card\" content=\"summary_large_image\" \/>\n<meta name=\"twitter:label1\" content=\"Written by\" \/>\n\t<meta name=\"twitter:data1\" content=\"HUZAR\" \/>\n\t<meta name=\"twitter:label2\" content=\"Est. reading time\" \/>\n\t<meta name=\"twitter:data2\" content=\"4 minutes\" \/>\n<script type=\"application\/ld+json\" class=\"yoast-schema-graph\">{\"@context\":\"https:\\\/\\\/schema.org\",\"@graph\":[{\"@type\":\"Article\",\"@id\":\"https:\\\/\\\/miody-huzar.pl\\\/en\\\/wielka-gala-sylwetki-i-marki-30-lecia-wolnosci-rp\\\/#article\",\"isPartOf\":{\"@id\":\"https:\\\/\\\/miody-huzar.pl\\\/en\\\/wielka-gala-sylwetki-i-marki-30-lecia-wolnosci-rp\\\/\"},\"author\":{\"name\":\"HUZAR\",\"@id\":\"https:\\\/\\\/miody-huzar.pl\\\/en\\\/#\\\/schema\\\/person\\\/be844b994dd08ddd465e34adc7373f65\"},\"headline\":\"WIELKA GALA \u201eSYLWETKI I MARKI 30-LECIA WOLNO\u015aCI RP\u201d\",\"datePublished\":\"2020-02-21T13:46:55+00:00\",\"dateModified\":\"2026-02-16T13:34:18+00:00\",\"mainEntityOfPage\":{\"@id\":\"https:\\\/\\\/miody-huzar.pl\\\/en\\\/wielka-gala-sylwetki-i-marki-30-lecia-wolnosci-rp\\\/\"},\"wordCount\":709,\"commentCount\":0,\"publisher\":{\"@id\":\"https:\\\/\\\/miody-huzar.pl\\\/en\\\/#organization\"},\"image\":{\"@id\":\"https:\\\/\\\/miody-huzar.pl\\\/en\\\/wielka-gala-sylwetki-i-marki-30-lecia-wolnosci-rp\\\/#primaryimage\"},\"thumbnailUrl\":\"https:\\\/\\\/miody-huzar.pl\\\/wp-content\\\/uploads\\\/Diament-30-lecia-1.jpg\",\"articleSection\":[\"OD PRODUCENTA\"],\"inLanguage\":\"en-US\"},{\"@type\":\"WebPage\",\"@id\":\"https:\\\/\\\/miody-huzar.pl\\\/en\\\/wielka-gala-sylwetki-i-marki-30-lecia-wolnosci-rp\\\/\",\"url\":\"https:\\\/\\\/miody-huzar.pl\\\/en\\\/wielka-gala-sylwetki-i-marki-30-lecia-wolnosci-rp\\\/\",\"name\":\"WIELKA GALA \u201eSYLWETKI I MARKI 30-LECIA WOLNO\u015aCI RP\u201d - Huzar Sp. z o.o.\",\"isPartOf\":{\"@id\":\"https:\\\/\\\/miody-huzar.pl\\\/en\\\/#website\"},\"primaryImageOfPage\":{\"@id\":\"https:\\\/\\\/miody-huzar.pl\\\/en\\\/wielka-gala-sylwetki-i-marki-30-lecia-wolnosci-rp\\\/#primaryimage\"},\"image\":{\"@id\":\"https:\\\/\\\/miody-huzar.pl\\\/en\\\/wielka-gala-sylwetki-i-marki-30-lecia-wolnosci-rp\\\/#primaryimage\"},\"thumbnailUrl\":\"https:\\\/\\\/miody-huzar.pl\\\/wp-content\\\/uploads\\\/Diament-30-lecia-1.jpg\",\"datePublished\":\"2020-02-21T13:46:55+00:00\",\"dateModified\":\"2026-02-16T13:34:18+00:00\",\"breadcrumb\":{\"@id\":\"https:\\\/\\\/miody-huzar.pl\\\/en\\\/wielka-gala-sylwetki-i-marki-30-lecia-wolnosci-rp\\\/#breadcrumb\"},\"inLanguage\":\"en-US\",\"potentialAction\":[{\"@type\":\"ReadAction\",\"target\":[\"https:\\\/\\\/miody-huzar.pl\\\/en\\\/wielka-gala-sylwetki-i-marki-30-lecia-wolnosci-rp\\\/\"]}]},{\"@type\":\"ImageObject\",\"inLanguage\":\"en-US\",\"@id\":\"https:\\\/\\\/miody-huzar.pl\\\/en\\\/wielka-gala-sylwetki-i-marki-30-lecia-wolnosci-rp\\\/#primaryimage\",\"url\":\"https:\\\/\\\/miody-huzar.pl\\\/wp-content\\\/uploads\\\/Diament-30-lecia-1.jpg\",\"contentUrl\":\"https:\\\/\\\/miody-huzar.pl\\\/wp-content\\\/uploads\\\/Diament-30-lecia-1.jpg\",\"width\":1200,\"height\":675},{\"@type\":\"BreadcrumbList\",\"@id\":\"https:\\\/\\\/miody-huzar.pl\\\/en\\\/wielka-gala-sylwetki-i-marki-30-lecia-wolnosci-rp\\\/#breadcrumb\",\"itemListElement\":[{\"@type\":\"ListItem\",\"position\":1,\"name\":\"Strona g\u0142\u00f3wna\",\"item\":\"https:\\\/\\\/miody-huzar.pl\\\/en\\\/\"},{\"@type\":\"ListItem\",\"position\":2,\"name\":\"WIELKA GALA \u201eSYLWETKI I MARKI 30-LECIA WOLNO\u015aCI RP\u201d\"}]},{\"@type\":\"WebSite\",\"@id\":\"https:\\\/\\\/miody-huzar.pl\\\/en\\\/#website\",\"url\":\"https:\\\/\\\/miody-huzar.pl\\\/en\\\/\",\"name\":\"Miody Huzar - polski producent miodu\",\"description\":\"Miody Huzar\",\"publisher\":{\"@id\":\"https:\\\/\\\/miody-huzar.pl\\\/en\\\/#organization\"},\"potentialAction\":[{\"@type\":\"SearchAction\",\"target\":{\"@type\":\"EntryPoint\",\"urlTemplate\":\"https:\\\/\\\/miody-huzar.pl\\\/en\\\/?s={search_term_string}\"},\"query-input\":{\"@type\":\"PropertyValueSpecification\",\"valueRequired\":true,\"valueName\":\"search_term_string\"}}],\"inLanguage\":\"en-US\"},{\"@type\":\"Organization\",\"@id\":\"https:\\\/\\\/miody-huzar.pl\\\/en\\\/#organization\",\"name\":\"Miody Huzar Sp. z o.o.\",\"url\":\"https:\\\/\\\/miody-huzar.pl\\\/en\\\/\",\"logo\":{\"@type\":\"ImageObject\",\"inLanguage\":\"en-US\",\"@id\":\"https:\\\/\\\/miody-huzar.pl\\\/en\\\/#\\\/schema\\\/logo\\\/image\\\/\",\"url\":\"https:\\\/\\\/miody-huzar.pl\\\/wp-content\\\/uploads\\\/cropped-logo-Huzar-33.png\",\"contentUrl\":\"https:\\\/\\\/miody-huzar.pl\\\/wp-content\\\/uploads\\\/cropped-logo-Huzar-33.png\",\"width\":230,\"height\":43,\"caption\":\"Miody Huzar Sp. z o.o.\"},\"image\":{\"@id\":\"https:\\\/\\\/miody-huzar.pl\\\/en\\\/#\\\/schema\\\/logo\\\/image\\\/\"},\"sameAs\":[\"https:\\\/\\\/www.facebook.com\\\/miodyhuzar\\\/\",\"https:\\\/\\\/www.instagram.com\\\/miodyhuzar\\\/\",\"https:\\\/\\\/www.linkedin.com\\\/company\\\/miody-huzar\\\/\"]},{\"@type\":\"Person\",\"@id\":\"https:\\\/\\\/miody-huzar.pl\\\/en\\\/#\\\/schema\\\/person\\\/be844b994dd08ddd465e34adc7373f65\",\"name\":\"HUZAR\",\"image\":{\"@type\":\"ImageObject\",\"inLanguage\":\"en-US\",\"@id\":\"https:\\\/\\\/secure.gravatar.com\\\/avatar\\\/b538628f16354263770bd3d5912ad622626bf11f51799eec52b8bb34e76d2967?s=96&d=mm&r=g\",\"url\":\"https:\\\/\\\/secure.gravatar.com\\\/avatar\\\/b538628f16354263770bd3d5912ad622626bf11f51799eec52b8bb34e76d2967?s=96&d=mm&r=g\",\"contentUrl\":\"https:\\\/\\\/secure.gravatar.com\\\/avatar\\\/b538628f16354263770bd3d5912ad622626bf11f51799eec52b8bb34e76d2967?s=96&d=mm&r=g\",\"caption\":\"HUZAR\"},\"url\":\"https:\\\/\\\/miody-huzar.pl\\\/en\\\/author\\\/jflorczyk\\\/\"}]}<\/script>\n<!-- \/ Yoast SEO plugin. -->","yoast_head_json":{"title":"WIELKA GALA \u201eSYLWETKI I MARKI 30-LECIA WOLNO\u015aCI RP\u201d - Huzar Sp. z o.o.","robots":{"index":"index","follow":"follow","max-snippet":"max-snippet:-1","max-image-preview":"max-image-preview:large","max-video-preview":"max-video-preview:-1"},"canonical":"https:\/\/miody-huzar.pl\/en\/wielka-gala-sylwetki-i-marki-30-lecia-wolnosci-rp\/","og_locale":"en_US","og_type":"article","og_title":"WIELKA GALA \u201eSYLWETKI I MARKI 30-LECIA WOLNO\u015aCI RP\u201d - Huzar Sp. z o.o.","og_description":"24 stycznia2020 r. w Sangate Hotel Airport w Warszawie odby\u0142a si\u0119 WIELKA GALA \u201eSYLWETKI I MARKI 30-lecia WOLNO\u015aCI RP\u201d, podczas kt\u00f3rej nagrodzone zosta\u0142y podmioty, kt\u00f3re \u015bwiadcz\u0105 o sile polskiej gospodarki: liderzy i marki, firmy i instytucje innowacyjne i rzetelne oraz ci, kt\u00f3rzy na przestrzeni ostatnich 30 lat przyczynili si\u0119 rozwoju spo\u0142eczno-gospodarczego naszego kraju, a miedzy [&hellip;]","og_url":"https:\/\/miody-huzar.pl\/en\/wielka-gala-sylwetki-i-marki-30-lecia-wolnosci-rp\/","og_site_name":"Huzar Sp. z o.o.","article_publisher":"https:\/\/www.facebook.com\/miodyhuzar\/","article_published_time":"2020-02-21T13:46:55+00:00","article_modified_time":"2026-02-16T13:34:18+00:00","og_image":[{"width":1200,"height":675,"url":"https:\/\/miody-huzar.pl\/wp-content\/uploads\/Diament-30-lecia-1.jpg","type":"image\/jpeg"}],"author":"HUZAR","twitter_card":"summary_large_image","twitter_misc":{"Written by":"HUZAR","Est. reading time":"4 minutes"},"schema":{"@context":"https:\/\/schema.org","@graph":[{"@type":"Article","@id":"https:\/\/miody-huzar.pl\/en\/wielka-gala-sylwetki-i-marki-30-lecia-wolnosci-rp\/#article","isPartOf":{"@id":"https:\/\/miody-huzar.pl\/en\/wielka-gala-sylwetki-i-marki-30-lecia-wolnosci-rp\/"},"author":{"name":"HUZAR","@id":"https:\/\/miody-huzar.pl\/en\/#\/schema\/person\/be844b994dd08ddd465e34adc7373f65"},"headline":"WIELKA GALA \u201eSYLWETKI I MARKI 30-LECIA WOLNO\u015aCI RP\u201d","datePublished":"2020-02-21T13:46:55+00:00","dateModified":"2026-02-16T13:34:18+00:00","mainEntityOfPage":{"@id":"https:\/\/miody-huzar.pl\/en\/wielka-gala-sylwetki-i-marki-30-lecia-wolnosci-rp\/"},"wordCount":709,"commentCount":0,"publisher":{"@id":"https:\/\/miody-huzar.pl\/en\/#organization"},"image":{"@id":"https:\/\/miody-huzar.pl\/en\/wielka-gala-sylwetki-i-marki-30-lecia-wolnosci-rp\/#primaryimage"},"thumbnailUrl":"https:\/\/miody-huzar.pl\/wp-content\/uploads\/Diament-30-lecia-1.jpg","articleSection":["OD PRODUCENTA"],"inLanguage":"en-US"},{"@type":"WebPage","@id":"https:\/\/miody-huzar.pl\/en\/wielka-gala-sylwetki-i-marki-30-lecia-wolnosci-rp\/","url":"https:\/\/miody-huzar.pl\/en\/wielka-gala-sylwetki-i-marki-30-lecia-wolnosci-rp\/","name":"WIELKA GALA \u201eSYLWETKI I MARKI 30-LECIA WOLNO\u015aCI RP\u201d - Huzar Sp. z o.o.","isPartOf":{"@id":"https:\/\/miody-huzar.pl\/en\/#website"},"primaryImageOfPage":{"@id":"https:\/\/miody-huzar.pl\/en\/wielka-gala-sylwetki-i-marki-30-lecia-wolnosci-rp\/#primaryimage"},"image":{"@id":"https:\/\/miody-huzar.pl\/en\/wielka-gala-sylwetki-i-marki-30-lecia-wolnosci-rp\/#primaryimage"},"thumbnailUrl":"https:\/\/miody-huzar.pl\/wp-content\/uploads\/Diament-30-lecia-1.jpg","datePublished":"2020-02-21T13:46:55+00:00","dateModified":"2026-02-16T13:34:18+00:00","breadcrumb":{"@id":"https:\/\/miody-huzar.pl\/en\/wielka-gala-sylwetki-i-marki-30-lecia-wolnosci-rp\/#breadcrumb"},"inLanguage":"en-US","potentialAction":[{"@type":"ReadAction","target":["https:\/\/miody-huzar.pl\/en\/wielka-gala-sylwetki-i-marki-30-lecia-wolnosci-rp\/"]}]},{"@type":"ImageObject","inLanguage":"en-US","@id":"https:\/\/miody-huzar.pl\/en\/wielka-gala-sylwetki-i-marki-30-lecia-wolnosci-rp\/#primaryimage","url":"https:\/\/miody-huzar.pl\/wp-content\/uploads\/Diament-30-lecia-1.jpg","contentUrl":"https:\/\/miody-huzar.pl\/wp-content\/uploads\/Diament-30-lecia-1.jpg","width":1200,"height":675},{"@type":"BreadcrumbList","@id":"https:\/\/miody-huzar.pl\/en\/wielka-gala-sylwetki-i-marki-30-lecia-wolnosci-rp\/#breadcrumb","itemListElement":[{"@type":"ListItem","position":1,"name":"Strona g\u0142\u00f3wna","item":"https:\/\/miody-huzar.pl\/en\/"},{"@type":"ListItem","position":2,"name":"WIELKA GALA \u201eSYLWETKI I MARKI 30-LECIA WOLNO\u015aCI RP\u201d"}]},{"@type":"WebSite","@id":"https:\/\/miody-huzar.pl\/en\/#website","url":"https:\/\/miody-huzar.pl\/en\/","name":"Miody Huzar - polski producent miodu","description":"Miody Huzar","publisher":{"@id":"https:\/\/miody-huzar.pl\/en\/#organization"},"potentialAction":[{"@type":"SearchAction","target":{"@type":"EntryPoint","urlTemplate":"https:\/\/miody-huzar.pl\/en\/?s={search_term_string}"},"query-input":{"@type":"PropertyValueSpecification","valueRequired":true,"valueName":"search_term_string"}}],"inLanguage":"en-US"},{"@type":"Organization","@id":"https:\/\/miody-huzar.pl\/en\/#organization","name":"Miody Huzar Sp. z o.o.","url":"https:\/\/miody-huzar.pl\/en\/","logo":{"@type":"ImageObject","inLanguage":"en-US","@id":"https:\/\/miody-huzar.pl\/en\/#\/schema\/logo\/image\/","url":"https:\/\/miody-huzar.pl\/wp-content\/uploads\/cropped-logo-Huzar-33.png","contentUrl":"https:\/\/miody-huzar.pl\/wp-content\/uploads\/cropped-logo-Huzar-33.png","width":230,"height":43,"caption":"Miody Huzar Sp. z o.o."},"image":{"@id":"https:\/\/miody-huzar.pl\/en\/#\/schema\/logo\/image\/"},"sameAs":["https:\/\/www.facebook.com\/miodyhuzar\/","https:\/\/www.instagram.com\/miodyhuzar\/","https:\/\/www.linkedin.com\/company\/miody-huzar\/"]},{"@type":"Person","@id":"https:\/\/miody-huzar.pl\/en\/#\/schema\/person\/be844b994dd08ddd465e34adc7373f65","name":"HUZAR","image":{"@type":"ImageObject","inLanguage":"en-US","@id":"https:\/\/secure.gravatar.com\/avatar\/b538628f16354263770bd3d5912ad622626bf11f51799eec52b8bb34e76d2967?s=96&d=mm&r=g","url":"https:\/\/secure.gravatar.com\/avatar\/b538628f16354263770bd3d5912ad622626bf11f51799eec52b8bb34e76d2967?s=96&d=mm&r=g","contentUrl":"https:\/\/secure.gravatar.com\/avatar\/b538628f16354263770bd3d5912ad622626bf11f51799eec52b8bb34e76d2967?s=96&d=mm&r=g","caption":"HUZAR"},"url":"https:\/\/miody-huzar.pl\/en\/author\/jflorczyk\/"}]}},"_links":{"self":[{"href":"https:\/\/miody-huzar.pl\/en\/wp-json\/wp\/v2\/posts\/9865","targetHints":{"allow":["GET"]}}],"collection":[{"href":"https:\/\/miody-huzar.pl\/en\/wp-json\/wp\/v2\/posts"}],"about":[{"href":"https:\/\/miody-huzar.pl\/en\/wp-json\/wp\/v2\/types\/post"}],"author":[{"embeddable":true,"href":"https:\/\/miody-huzar.pl\/en\/wp-json\/wp\/v2\/users\/2"}],"replies":[{"embeddable":true,"href":"https:\/\/miody-huzar.pl\/en\/wp-json\/wp\/v2\/comments?post=9865"}],"version-history":[{"count":8,"href":"https:\/\/miody-huzar.pl\/en\/wp-json\/wp\/v2\/posts\/9865\/revisions"}],"predecessor-version":[{"id":9894,"href":"https:\/\/miody-huzar.pl\/en\/wp-json\/wp\/v2\/posts\/9865\/revisions\/9894"}],"wp:featuredmedia":[{"embeddable":true,"href":"https:\/\/miody-huzar.pl\/en\/wp-json\/wp\/v2\/media\/9889"}],"wp:attachment":[{"href":"https:\/\/miody-huzar.pl\/en\/wp-json\/wp\/v2\/media?parent=9865"}],"wp:term":[{"taxonomy":"category","embeddable":true,"href":"https:\/\/miody-huzar.pl\/en\/wp-json\/wp\/v2\/categories?post=9865"},{"taxonomy":"post_tag","embeddable":true,"href":"https:\/\/miody-huzar.pl\/en\/wp-json\/wp\/v2\/tags?post=9865"}],"curies":[{"name":"wp","href":"https:\/\/api.w.org\/{rel}","templated":true}]}}